{"id":3560,"date":"2026-01-25T11:21:14","date_gmt":"2026-01-25T10:21:14","guid":{"rendered":"https:\/\/etxekonakbat.com\/?p=3560"},"modified":"2026-01-28T10:26:14","modified_gmt":"2026-01-28T09:26:14","slug":"homenaje-a-barri","status":"publish","type":"post","link":"https:\/\/etxekonakbat.com\/eu\/homenaje-a-barri\/","title":{"rendered":"BARRIRI OMENALDIA"},"content":{"rendered":"<p>Urtarrilaren 23an, ostiralean, Etxekonak Batek Miguel \u00c1ngel Hern\u00e1ndez Barricarteri (Barri) eskainitako omenaldian parte hartu zuen Arte Eskolan, non irakasle izan zen bere azken lan urteetan.<\/p>\n<p>Omenaldi hau bat-bateko heriotza batek kendu zigun bizitzaren aitortza izan zen, haren ondoan geunden guztiok sinesgaiztasun eta tristura egoeran utziz.<\/p>\n<p>Kooperatibako kide batzuek berari buruz zer iritzi zuten esanez parte hartu nahi izan genuen, Etxekonak Bat proiektuan haren oroimena omentzeko modu gisa, non lehen minututik parte hartu zuen.<\/p>\n<p>Egun zailak izan dira kooperatibako guztiontzat, ezinbesteko bazkide bihurtzen ari zen gizon bat galdu baitugu, beti jatorra eta eskuzabala, inoiz ahaztuko ez dugun irribarre eta berotasunarekin. Bere gabezia gero eta mingarriagoa da.<\/p>\n<p>Mila esker, Barri!<\/p>\n<p>Hegan egin gora, hegan egin urrun!<\/p>","protected":false},"excerpt":{"rendered":"<p>El viernes 23 de enero Etxekonak Bat particip\u00f3 en el homenaje dedicado a Miguel \u00c1ngel Hern\u00e1ndez Barricarte (Barri) en la Escuela de Arte donde fue profesor durante sus \u00faltimos a\u00f1os&#8230; <\/p>","protected":false},"author":4,"featured_media":3561,"comment_status":"closed","ping_status":"closed","sticky":false,"template":"","format":"standard","meta":{"footnotes":""},"categories":[39,3,4],"tags":[],"class_list":["post-3560","post","type-post","status-publish","format-standard","has-post-thumbnail","hentry","category-comunicacion","category-en-los-medios-komunikabideetan","category-noticias-berriak"],"_links":{"self":[{"href":"https:\/\/etxekonakbat.com\/eu\/wp-json\/wp\/v2\/posts\/3560","targetHints":{"allow":["GET"]}}],"collection":[{"href":"https:\/\/etxekonakbat.com\/eu\/wp-json\/wp\/v2\/posts"}],"about":[{"href":"https:\/\/etxekonakbat.com\/eu\/wp-json\/wp\/v2\/types\/post"}],"author":[{"embeddable":true,"href":"https:\/\/etxekonakbat.com\/eu\/wp-json\/wp\/v2\/users\/4"}],"replies":[{"embeddable":true,"href":"https:\/\/etxekonakbat.com\/eu\/wp-json\/wp\/v2\/comments?post=3560"}],"version-history":[{"count":4,"href":"https:\/\/etxekonakbat.com\/eu\/wp-json\/wp\/v2\/posts\/3560\/revisions"}],"predecessor-version":[{"id":3572,"href":"https:\/\/etxekonakbat.com\/eu\/wp-json\/wp\/v2\/posts\/3560\/revisions\/3572"}],"wp:featuredmedia":[{"embeddable":true,"href":"https:\/\/etxekonakbat.com\/eu\/wp-json\/wp\/v2\/media\/3561"}],"wp:attachment":[{"href":"https:\/\/etxekonakbat.com\/eu\/wp-json\/wp\/v2\/media?parent=3560"}],"wp:term":[{"taxonomy":"category","embeddable":true,"href":"https:\/\/etxekonakbat.com\/eu\/wp-json\/wp\/v2\/categories?post=3560"},{"taxonomy":"post_tag","embeddable":true,"href":"https:\/\/etxekonakbat.com\/eu\/wp-json\/wp\/v2\/tags?post=3560"}],"curies":[{"name":"wp","href":"https:\/\/api.w.org\/{rel}","templated":true}]}}