{"id":3383,"date":"2025-03-28T12:20:25","date_gmt":"2025-03-28T11:20:25","guid":{"rendered":"https:\/\/etxekonakbat.com\/?p=3383"},"modified":"2025-03-28T12:20:25","modified_gmt":"2025-03-28T11:20:25","slug":"auzo-eztabaidagunea-foro-de-barrio-ermitagana-mendebaldea","status":"publish","type":"post","link":"https:\/\/etxekonakbat.com\/eu\/auzo-eztabaidagunea-foro-de-barrio-ermitagana-mendebaldea\/","title":{"rendered":"Auzo eztabaidagunea \u2013 Auzo Foroa: Ermitaga\u00f1a, Mendebaldea"},"content":{"rendered":"<p><span style=\"font-size: 24pt;\"><strong>2025\/03\/28ko Diario de Navarraren titularra<\/strong><\/span><\/p>\n<p><span style=\"font-size: 24pt;\"><strong>Ermitaga\u00f1a adinekoentzako elkarlanerako etxebizitza eraikina 2026an eraikiko da.<\/strong><\/span><\/p>\n<p><strong>Kooperatiba-proiektu bat da, zeinean udalak San Juan ADren ondoko lursail bat eman eta 75 urteren buruan itzultzen du.<\/strong><\/p>\n<p><a href=\"https:\/\/www.diariodenavarra.es\/noticias\/navarra\/pamplona-comarca\/2025\/03\/28\/el-edificio-viviendas-colaborativas-senior-ermitagana-levantara-2026-642324-1002.html\" target=\"_blank\" rel=\"noopener\"><strong>Nafarroako Egunkarirako esteka<\/strong><\/a><\/p>\n<p><a href=\"https:\/\/www.youtube.com\/live\/9LXkfj2z1UM\" target=\"_blank\" rel=\"noopener\">Foroaren bideoa (1h 37\u00b4)\u00a0<\/a><\/p>","protected":false},"excerpt":{"rendered":"<p>Titular del Diario de Navarra 28\/3\/2025 El edificio de viviendas colaborativas &#8216;s\u00e9nior&#8217; de Ermitaga\u00f1a se levantar\u00e1 en 2026 Se trata de un proyecto con forma de cooperativa en el que&#8230; <\/p>","protected":false},"author":4,"featured_media":3385,"comment_status":"open","ping_status":"open","sticky":false,"template":"","format":"standard","meta":{"footnotes":""},"categories":[2,39,3],"tags":[107,95,108,100],"class_list":["post-3383","post","type-post","status-publish","format-standard","has-post-thumbnail","hentry","category-actividades-jarduerak","category-comunicacion","category-en-los-medios-komunikabideetan","tag-barrio","tag-ermitagana","tag-foro","tag-mendebaldea"],"_links":{"self":[{"href":"https:\/\/etxekonakbat.com\/eu\/wp-json\/wp\/v2\/posts\/3383","targetHints":{"allow":["GET"]}}],"collection":[{"href":"https:\/\/etxekonakbat.com\/eu\/wp-json\/wp\/v2\/posts"}],"about":[{"href":"https:\/\/etxekonakbat.com\/eu\/wp-json\/wp\/v2\/types\/post"}],"author":[{"embeddable":true,"href":"https:\/\/etxekonakbat.com\/eu\/wp-json\/wp\/v2\/users\/4"}],"replies":[{"embeddable":true,"href":"https:\/\/etxekonakbat.com\/eu\/wp-json\/wp\/v2\/comments?post=3383"}],"version-history":[{"count":2,"href":"https:\/\/etxekonakbat.com\/eu\/wp-json\/wp\/v2\/posts\/3383\/revisions"}],"predecessor-version":[{"id":3386,"href":"https:\/\/etxekonakbat.com\/eu\/wp-json\/wp\/v2\/posts\/3383\/revisions\/3386"}],"wp:featuredmedia":[{"embeddable":true,"href":"https:\/\/etxekonakbat.com\/eu\/wp-json\/wp\/v2\/media\/3385"}],"wp:attachment":[{"href":"https:\/\/etxekonakbat.com\/eu\/wp-json\/wp\/v2\/media?parent=3383"}],"wp:term":[{"taxonomy":"category","embeddable":true,"href":"https:\/\/etxekonakbat.com\/eu\/wp-json\/wp\/v2\/categories?post=3383"},{"taxonomy":"post_tag","embeddable":true,"href":"https:\/\/etxekonakbat.com\/eu\/wp-json\/wp\/v2\/tags?post=3383"}],"curies":[{"name":"wp","href":"https:\/\/api.w.org\/{rel}","templated":true}]}}